{"id":2131,"date":"2020-02-14T10:00:12","date_gmt":"2020-02-14T10:00:12","guid":{"rendered":"https:\/\/arilfrut.gailu.net\/defendamos-el-mundo-rural\/"},"modified":"2020-10-30T11:26:45","modified_gmt":"2020-10-30T11:26:45","slug":"defendamos-el-mundo-rural","status":"publish","type":"post","link":"https:\/\/arilfrut.com\/fr\/defendamos-el-mundo-rural\/","title":{"rendered":"D\u00e9fendons le monde rural"},"content":{"rendered":"\n<p>Arilfrut soutient la mobilisation organis\u00e9e par toutes les entit\u00e9s, communes et associations qui nous repr\u00e9sentent et veulent d\u00e9fendre l&rsquo;agriculture\u00a0<a href=\"https:\/\/www.instagram.com\/explore\/tags\/pagesia\/\">#pagesia\u00a0<\/a><a href=\"https:\/\/www.instagram.com\/explore\/tags\/hortadelleida\/\">#hortadelleida<\/a>\u00a0et notre territoire <a href=\"https:\/\/www.instagram.com\/uniopagesos\/\">@uniopagesos<\/a><a href=\"https:\/\/www.instagram.com\/asaja_lleida\/\">@asaja_lleida<\/a><a href=\"https:\/\/www.instagram.com\/jarc_coag\/\">@jarc_coag<\/a><a href=\"https:\/\/www.instagram.com\/afrucat\/\">@afrucat<\/a><a href=\"https:\/\/www.instagram.com\/plataformadefensafruita\/\"> <\/a><a href=\"https:\/\/www.instagram.com\/plataformadefensafruita\/\">@plataformadefensafruita<\/a>\u00a0pour des prix justes qui valorisent notre travail collectif.<\/p>\n\n\n\n<figure class=\"wp-block-image size-large\"><img loading=\"lazy\" decoding=\"async\" width=\"640\" height=\"640\" src=\"https:\/\/arilfrut.gailu.net\/wp-content\/uploads\/2020\/10\/Defensa-mon-rural.jpg\" alt=\"\" class=\"wp-image-2050\" srcset=\"https:\/\/arilfrut.com\/wp-content\/uploads\/2020\/10\/Defensa-mon-rural.jpg 640w, https:\/\/arilfrut.com\/wp-content\/uploads\/2020\/10\/Defensa-mon-rural-300x300.jpg 300w, https:\/\/arilfrut.com\/wp-content\/uploads\/2020\/10\/Defensa-mon-rural-150x150.jpg 150w\" sizes=\"auto, (max-width: 640px) 100vw, 640px\" \/><\/figure>\n","protected":false},"excerpt":{"rendered":"<p>Arilfrut soutient la mobilisation organis\u00e9e par toutes les entit\u00e9s, communes et associations qui nous repr\u00e9sentent et veulent d\u00e9fendre l&rsquo;agriculture\u00a0#pagesia\u00a0#hortadelleida\u00a0et notre territoire @uniopagesos@asaja_lleida@jarc_coag@afrucat @plataformadefensafruita\u00a0pour des prix justes qui valorisent notre travail collectif.<\/p>\n","protected":false},"author":2,"featured_media":2053,"comment_status":"closed","ping_status":"open","sticky":false,"template":"","format":"standard","meta":{"footnotes":""},"categories":[62,64],"tags":[],"class_list":["post-2131","post","type-post","status-publish","format-standard","has-post-thumbnail","hentry","category-compomiso-social-fr","category-prensa-fr"],"_links":{"self":[{"href":"https:\/\/arilfrut.com\/fr\/wp-json\/wp\/v2\/posts\/2131","targetHints":{"allow":["GET"]}}],"collection":[{"href":"https:\/\/arilfrut.com\/fr\/wp-json\/wp\/v2\/posts"}],"about":[{"href":"https:\/\/arilfrut.com\/fr\/wp-json\/wp\/v2\/types\/post"}],"author":[{"embeddable":true,"href":"https:\/\/arilfrut.com\/fr\/wp-json\/wp\/v2\/users\/2"}],"replies":[{"embeddable":true,"href":"https:\/\/arilfrut.com\/fr\/wp-json\/wp\/v2\/comments?post=2131"}],"version-history":[{"count":0,"href":"https:\/\/arilfrut.com\/fr\/wp-json\/wp\/v2\/posts\/2131\/revisions"}],"wp:featuredmedia":[{"embeddable":true,"href":"https:\/\/arilfrut.com\/fr\/wp-json\/wp\/v2\/media\/2053"}],"wp:attachment":[{"href":"https:\/\/arilfrut.com\/fr\/wp-json\/wp\/v2\/media?parent=2131"}],"wp:term":[{"taxonomy":"category","embeddable":true,"href":"https:\/\/arilfrut.com\/fr\/wp-json\/wp\/v2\/categories?post=2131"},{"taxonomy":"post_tag","embeddable":true,"href":"https:\/\/arilfrut.com\/fr\/wp-json\/wp\/v2\/tags?post=2131"}],"curies":[{"name":"wp","href":"https:\/\/api.w.org\/{rel}","templated":true}]}}