{"id":2268,"date":"2014-02-24T09:39:58","date_gmt":"2014-02-24T09:39:58","guid":{"rendered":"https:\/\/arilfrut.gailu.net\/empresa-solidaria-2014\/"},"modified":"2020-11-02T11:30:36","modified_gmt":"2020-11-02T11:30:36","slug":"empresa-solidaria-2014","status":"publish","type":"post","link":"https:\/\/arilfrut.com\/fr\/empresa-solidaria-2014\/","title":{"rendered":"Empresa solidaria 2014"},"content":{"rendered":"\n<p><strong>BIENESTAR SOCIAL Y EMPLEO<\/strong><br>Es el segundo a\u00f1o que se otorgan estos reconocimientos que se entregan coincidiendo con la&nbsp;conmemoraci\u00f3n el 20 de febrero del D\u00eda Internacional de la Justicia Social .<br>El Ayuntamiento de Lleida ha distinguido como Empresa Solidaria 2014 a 17 firmas y entidades como agradecimiento por la labor que han llevado a cabo apoyando a asociaciones del tercer sector de acci\u00f3n social, de cooperaci\u00f3n&nbsp;y de desarrollo de la ciudad . El alcalde , \u00c0ngel Ros , ha presidido la entrega de los reconocimientos esta tarde , en un acto que se ha celebrado en el Sal\u00f3n de Sesiones , donde han estado presentes los directivos y representantes de las compa\u00f1\u00edas y , tambi\u00e9n, los colectivos&nbsp;de ayuda social , que han sido los encargados de designarlas.<\/p>\n\n\n\n<p>El alcalde ha alabado el trabajo que las Empresas Solidarias 2014 han realizado y ha destacado que \u00bb esta iniciativa demuestra, una vez m\u00e1s, el car\u00e1cter humanitario de la ciudadan\u00eda y de su&nbsp;tejido empresarial, ya que es importante establecer relaciones de colaboraci\u00f3n entre organizaciones de ayuda social y otros agentes de la sociedad &nbsp; &nbsp;(Ayuntamiento , entidades y sector empresarial ) .<\/p>\n\n\n\n<p>\u00abCon estos reconocimientos , ha dicho Ros , queda patente que las empresas de Lleida tambi\u00e9n trabajan por una sociedad mejor no s\u00f3lo durante este a\u00f1o sino que desarrollan esta labor d\u00eda a d\u00eda\u00bb<\/p>\n\n\n\n<p>Los reconocimientos de Empresa Solidaria 2014 han sido los siguientes :<\/p>\n\n\n\n<p>Afrucat (Asociaci\u00f3n Empresarial de Fruta de Catalu\u00f1a )<br>Asociaci\u00f3n Provincial de Empresas Tecnoel\u00e8ctriques , de Agua y Gas , Calefacci\u00f3n y ACS , Climatizaci\u00f3n y Fr\u00edo<br>Autocares Carretero Gim\u00e9nez SL<br>Ceder\u00eda SCP<br>Cl\u00ednica Chela Implantolog\u00eda<br>Farmacia Pe\u00f1a S\u00e1ez<br>Finca Jos\u00e9 Roqu\u00e9<br>Fundaci\u00f3n Servicios de Apoyo<br><strong>Grupo ARILFRUT<\/strong><br>Romero Polo, S.A.U<br>Magda Ballester Comunicaci\u00f3n<br>McDonalds<br>Miguel Gam\u00f3n SL<br>Pasteler\u00eda Marqu\u00e9s<br>Talleres A. Miquel , SL<br>Tr\u00e9bol Lleida<\/p>\n\n\n\n<p>Este acto de entrega se hace coincidiendo con la conmemoraci\u00f3n el 20 de febrero del D\u00eda Mundial de la Justicia Social que promueve la igualdad entre las personas , evitando cualquier tipo de discriminaci\u00f3n&nbsp;por razones de edad , de g\u00e9nero , de raza , de etnia , la cultura , la religi\u00f3n o la existencia de alg\u00fan tipo de discapacidad .<\/p>\n\n\n\n<p>El alcalde ha querido cerrar el acto agradeciendo la labor que ha realizado en los \u00faltimos a\u00f1os al frente de la concejal\u00eda de Bienestar Social , Josep Presseguer , que hoy se ha despedido de su etapa en la&nbsp;Paeria para iniciar nuevos proyectos profesionales .<\/p>\n\n\n\n<p>\u00c9xito de la jornada \u00bb C\u00e1psulas de Innovaci\u00f3n Social 2014\u2033<\/p>\n\n\n\n<p>El alcalde de Lleida , \u00c0ngel Ros , y el director del \u00c1rea Social de la Fundaci\u00f3n La Caixa , Marc Sim\u00f3n , han destacado el \u00e9xito de la jornada C\u00e1psulas de Innovaci\u00f3n Social 2014. Experiencias , respuestas y soluciones \u00bb que&nbsp;ha celebrado hoy en Lleida , una iniciativa pionera en la ciudad que responde a la voluntad de dar a conocer y compartir experiencias positivas que puedan dar respuestas pr\u00e1cticas a la compleja realidad social actual<\/p>\n\n\n\n<p>Unos 250 profesionales provenientes de entidades y organizaciones del tercer sector , la administraci\u00f3n p\u00fablica y la universidad han llenado hoy a tope el CaixaF\u00f2rum de Lleida para participar en esta jornada&nbsp;con el objetivo de fomentar la mentalidad emprendedora como base de acciones innovadoras y en la que se han presentado modelos catalizadores de ideas e innovadores que recogen todo este potencial . Adem\u00e1s, se han puesto sobre la mesa algunas pr\u00e1cticas de ideas y proyectos&nbsp;innovadores que dan respuesta a los problemas sociales que se presentan actualmente .<\/p>\n","protected":false},"excerpt":{"rendered":"<p>La Paeria distingue la responsabilidad social de 17 empresas de la ciudad<\/p>\n","protected":false},"author":1,"featured_media":2269,"comment_status":"closed","ping_status":"open","sticky":false,"template":"","format":"standard","meta":{"footnotes":""},"categories":[37,62,64],"tags":[],"class_list":["post-2268","post","type-post","status-publish","format-standard","has-post-thumbnail","hentry","category-non-classifiee","category-compomiso-social-fr","category-prensa-fr"],"_links":{"self":[{"href":"https:\/\/arilfrut.com\/fr\/wp-json\/wp\/v2\/posts\/2268","targetHints":{"allow":["GET"]}}],"collection":[{"href":"https:\/\/arilfrut.com\/fr\/wp-json\/wp\/v2\/posts"}],"about":[{"href":"https:\/\/arilfrut.com\/fr\/wp-json\/wp\/v2\/types\/post"}],"author":[{"embeddable":true,"href":"https:\/\/arilfrut.com\/fr\/wp-json\/wp\/v2\/users\/1"}],"replies":[{"embeddable":true,"href":"https:\/\/arilfrut.com\/fr\/wp-json\/wp\/v2\/comments?post=2268"}],"version-history":[{"count":0,"href":"https:\/\/arilfrut.com\/fr\/wp-json\/wp\/v2\/posts\/2268\/revisions"}],"wp:featuredmedia":[{"embeddable":true,"href":"https:\/\/arilfrut.com\/fr\/wp-json\/wp\/v2\/media\/2269"}],"wp:attachment":[{"href":"https:\/\/arilfrut.com\/fr\/wp-json\/wp\/v2\/media?parent=2268"}],"wp:term":[{"taxonomy":"category","embeddable":true,"href":"https:\/\/arilfrut.com\/fr\/wp-json\/wp\/v2\/categories?post=2268"},{"taxonomy":"post_tag","embeddable":true,"href":"https:\/\/arilfrut.com\/fr\/wp-json\/wp\/v2\/tags?post=2268"}],"curies":[{"name":"wp","href":"https:\/\/api.w.org\/{rel}","templated":true}]}}